{"id":1977,"date":"2023-05-24T14:53:51","date_gmt":"2023-05-24T12:53:51","guid":{"rendered":"https:\/\/ravnoseloff.com\/?p=1977"},"modified":"2023-05-24T14:53:51","modified_gmt":"2023-05-24T12:53:51","slug":"sesti-ravno-selo-film-festival-od-22-25-juna","status":"publish","type":"post","link":"https:\/\/ravnoseloff.com\/en\/branding\/sesti-ravno-selo-film-festival-od-22-25-juna\/","title":{"rendered":"\u0160ESTI RAVNO SELO FILM FESTIVAL OD 22-25. JUNA"},"content":{"rendered":"<blockquote><p>SELOM KRU\u017dE FILMSKE PRI\u010cE<\/p><\/blockquote>\n<p>&nbsp;<\/p>\n<p><strong>Beograd, 23.maj 2023.<\/strong> \u2013 <strong>Ravno selo, Me\u0111unarodni festival prvog ili drugog filma bi\u0107e odr\u017ean ove godine od 22. do 25. juna.<\/strong> Festival je orijentisan ka mladima i predstavlja me\u0111unarodni festival za reditelje prvog ili drugog filma. Tradicionalno, ve\u0107 \u0161estu godinu za redom, Ravno Selo Film Festival \u0107e imati <strong>glavni program<\/strong>, kao i <strong>studentski program<\/strong>, i naravno nastavlja sa selekcijom<strong> \u201eKratkih 100 minuta\u201d u okviru koje \u0107e biti prikazani dokumentarni filmovi<\/strong> koji su privukli veliku pa\u017enju kritike i javnosti u prethodnom periodu. Gost selektor glavnog programa i ove godine je <strong>Dragan Jeli\u010di\u0107<\/strong>, dok je za dokumetnarni program zadu\u017een <strong>Igor Toholj<\/strong>.<\/p>\n<p>Prema re\u010dima <strong>osniva\u010da festivala Lazara Ristovskog<\/strong> do\u0161lo je vreme kada je neophodnost postojanja domova kulture sve o\u010diglednija.<\/p>\n<p>-Domovi kulture moraju postati mesta okupljanja mladih ljudi gde \u0107e oni ispoljavati svoju kreativnu energiju. Na taj na\u010din \u0107e se sigurno smanjiti i stepen agresije i nezadovoljstva, koji vlada kod mla\u0111ih generacija, a koji su po\u010deli da eskaliraju na najcrnji mogu\u0107i na\u010din ostavljaju\u0107i traume na celo dru\u0161tvo \u2013 smatra Ristovski.<\/p>\n<p>-Pre \u0161est godina na\u0161 Dom kulture je izgoreo i Festival je osnovan kako bismo pomogli da se sazida novi Dom za mnogobrojne ljubitelje kulture iz na\u0161eg kraj. Danas mo\u017eemo da ka\u017eemo da smo uspeli u tome. Dom je pod krovom i pitanje je dana kada \u0107emo uprili\u010diti sve\u010dano otvaranje. Smatram to na\u0161im velikim uspehom i velikim poklonom za budu\u0107e nara\u0161taje.\u00a0 Uskoro po\u010dinje \u0161esti po redu Ravno Selo Film Festival, koji \u0107e okupiti mlade stvaraoce iz cele Srbije, okru\u017eenja i raznih krajeva sveta i jo\u0161 jednom pokazati koliko su mladi ljudi kreativni i hrabri da rade ono \u0161to vole. Na\u0161 festival je postao prepoznatljiv po originalnim programima, dobrom dru\u017eenju i dobroj energiji, koju stvaraju kako autori tako i gledaoci festival koji dolaze u hiljadama na na\u0161e projekcije, jer misija festivala u fokusu ima film u njegovom naj\u0161irem smislu: od amaterskog, preko srednjo\u0161kolskog do profesionalnog filma i uklju\u010denja svih generacija lokalne sredine u festival, ne samo kao publike nego i kao aktivnih u\u010desnika \u2013 obja\u0161njava Ristovski i poziva sve ljubitelje filmskih festivala da pogledaju ove godine filmove RSFF najmla\u0111ih autora-amatera, zatim studenata filmskih \u0161kola i najzad prve filmove profesionalnih reditelja.<\/p>\n<p>\u0160esti po redu, Ravno Selo Film Festival, bi\u0107e otvoren koncertom filmske muzike, na kom \u0107e glumce i peva\u010de pratiti Zrenjaninski Filharmoni\u010dari, 22. juna.<\/p>\n<p><strong>Festival svake godine dodeljuje ukupno pet nagrada u pet kategogija,<\/strong> pa \u0107e najkreativniji i ove godine mo\u0107i da osvoje:<\/p>\n<ol>\n<li><strong>Zlatni klip za najboljeg reditelja debitanta<\/strong> (uz nov\u010danu nagradu u iznosu od 1.500 EUR)<\/li>\n<li><strong>Zlatni klip za najbolji debitantski film <\/strong>\u00a0(uz nov\u010danu nagradu u iznosu od\u00a0 000 EUR)<\/li>\n<li><strong>Audience Award for Best Film<\/strong> (i nagrada u iznosu od 500 EUR)<\/li>\n<li><strong>Golden Corn for Best Documentary Film<\/strong> ( uz nov\u010danu nagradu u iznosu od 500 EUR)<\/li>\n<li><strong>Plaketa Prvi metar za najbolji studentski film<\/strong> (uz nov\u010danu nagradu u iznosu od 500EUR)<\/li>\n<\/ol>\n<p>Ostale nagrade:<\/p>\n<ul>\n<li><strong>I ove godine kompanija GORKI LIST dodeljuje nagradu za najboljeg mladog<\/strong> <strong>glumca<\/strong> (u nov\u010danom iznosu od 1000 EUR)<\/li>\n<li><strong>Bi\u0107e dodaljeno i specijalno priznanje za \u0111a\u010dki film snimljen u Ravnom Selu<\/strong><\/li>\n<\/ul>\n<p><em>\u00a0<\/em><\/p>\n<p>Tradicionalno \u0107e se odr\u017eati i propratni program \u201eFilmi\u0107\u201d \u2013 novosadska smotra mladala\u010dkog filma koji vodi profesor Slobodan Popov i filmska radionica koju vodi glumica Lora \u0110urovi\u0107.<\/p>\n<p>Festival se odr\u017eava uz podr\u0161ku Pokrajinskog sekretarijata za kulturu, Ministarstva kulture Republike Srbije, Grada Vrbasa i producentske ku\u0107e Zillion film.<\/p>\n<p><strong>Kontakt za medije:\u00a0 <\/strong><\/p>\n<p><strong>Cvijeta Radovi\u0107<\/strong><\/p>\n<p><strong>tel:<\/strong> <a href=\"tel:+381 65 520 16 44\">+381 65 520 16 44<\/a><\/p>\n<p><a href=\"mailto:cvijeta@propr.rs\">cvijeta@propr.rs<\/a><\/p>","protected":false},"excerpt":{"rendered":"<p>SELOM KRU\u017dE FILMSKE PRI\u010cE &nbsp; Beograd, 23.maj 2023. \u2013 Ravno selo, Me\u0111unarodni festival prvog ili drugog filma bi\u0107e odr\u017ean ove godine od 22. do 25. juna. Festival je orijentisan ka mladima i predstavlja me\u0111unarodni festival za reditelje prvog ili drugog filma. Tradicionalno, ve\u0107 \u0161estu godinu za redom, Ravno Selo Film Festival \u0107e imati glavni program, [&hellip;]<\/p>","protected":false},"author":1,"featured_media":0,"comment_status":"open","ping_status":"open","sticky":false,"template":"","format":"standard","meta":{"_acf_changed":false,"footnotes":""},"categories":[41],"tags":[],"class_list":["post-1977","post","type-post","status-publish","format-standard","hentry","category-branding"],"acf":[],"yoast_head":"<!-- This site is optimized with the Yoast SEO plugin v23.6 - https:\/\/yoast.com\/wordpress\/plugins\/seo\/ -->\n<title>\u0160ESTI RAVNO SELO FILM FESTIVAL OD 22-25. JUNA - Ravno selo<\/title>\n<meta name=\"robots\" content=\"index, follow, max-snippet:-1, max-image-preview:large, max-video-preview:-1\" \/>\n<link rel=\"canonical\" href=\"https:\/\/ravnoseloff.com\/en\/branding\/sesti-ravno-selo-film-festival-od-22-25-juna\/\" \/>\n<meta property=\"og:locale\" content=\"en_GB\" \/>\n<meta property=\"og:type\" content=\"article\" \/>\n<meta property=\"og:title\" content=\"\u0160ESTI RAVNO SELO FILM FESTIVAL OD 22-25. JUNA - Ravno selo\" \/>\n<meta property=\"og:description\" content=\"SELOM KRU\u017dE FILMSKE PRI\u010cE &nbsp; Beograd, 23.maj 2023. \u2013 Ravno selo, Me\u0111unarodni festival prvog ili drugog filma bi\u0107e odr\u017ean ove godine od 22. do 25. juna. Festival je orijentisan ka mladima i predstavlja me\u0111unarodni festival za reditelje prvog ili drugog filma. Tradicionalno, ve\u0107 \u0161estu godinu za redom, Ravno Selo Film Festival \u0107e imati glavni program, [&hellip;]\" \/>\n<meta property=\"og:url\" content=\"https:\/\/ravnoseloff.com\/en\/branding\/sesti-ravno-selo-film-festival-od-22-25-juna\/\" \/>\n<meta property=\"og:site_name\" content=\"Ravno selo\" \/>\n<meta property=\"article:published_time\" content=\"2023-05-24T12:53:51+00:00\" \/>\n<meta name=\"author\" content=\"adminrs\" \/>\n<meta name=\"twitter:card\" content=\"summary_large_image\" \/>\n<meta name=\"twitter:label1\" content=\"Written by\" \/>\n\t<meta name=\"twitter:data1\" content=\"adminrs\" \/>\n\t<meta name=\"twitter:label2\" content=\"Estimated reading time\" \/>\n\t<meta name=\"twitter:data2\" content=\"3 minutes\" \/>\n<script type=\"application\/ld+json\" class=\"yoast-schema-graph\">{\"@context\":\"https:\/\/schema.org\",\"@graph\":[{\"@type\":\"Article\",\"@id\":\"https:\/\/ravnoseloff.com\/branding\/sesti-ravno-selo-film-festival-od-22-25-juna\/#article\",\"isPartOf\":{\"@id\":\"https:\/\/ravnoseloff.com\/branding\/sesti-ravno-selo-film-festival-od-22-25-juna\/\"},\"author\":{\"name\":\"adminrs\",\"@id\":\"https:\/\/ravnoseloff.com\/en\/home\/#\/schema\/person\/fc6285f41174825ca12ce355e180d61c\"},\"headline\":\"\u0160ESTI RAVNO SELO FILM FESTIVAL OD 22-25. JUNA\",\"datePublished\":\"2023-05-24T12:53:51+00:00\",\"dateModified\":\"2023-05-24T12:53:51+00:00\",\"mainEntityOfPage\":{\"@id\":\"https:\/\/ravnoseloff.com\/branding\/sesti-ravno-selo-film-festival-od-22-25-juna\/\"},\"wordCount\":607,\"commentCount\":0,\"publisher\":{\"@id\":\"https:\/\/ravnoseloff.com\/en\/home\/#organization\"},\"articleSection\":[\"Branding\"],\"inLanguage\":\"en-GB\",\"potentialAction\":[{\"@type\":\"CommentAction\",\"name\":\"Comment\",\"target\":[\"https:\/\/ravnoseloff.com\/branding\/sesti-ravno-selo-film-festival-od-22-25-juna\/#respond\"]}]},{\"@type\":\"WebPage\",\"@id\":\"https:\/\/ravnoseloff.com\/branding\/sesti-ravno-selo-film-festival-od-22-25-juna\/\",\"url\":\"https:\/\/ravnoseloff.com\/branding\/sesti-ravno-selo-film-festival-od-22-25-juna\/\",\"name\":\"\u0160ESTI RAVNO SELO FILM FESTIVAL OD 22-25. JUNA - Ravno selo\",\"isPartOf\":{\"@id\":\"https:\/\/ravnoseloff.com\/en\/home\/#website\"},\"datePublished\":\"2023-05-24T12:53:51+00:00\",\"dateModified\":\"2023-05-24T12:53:51+00:00\",\"breadcrumb\":{\"@id\":\"https:\/\/ravnoseloff.com\/branding\/sesti-ravno-selo-film-festival-od-22-25-juna\/#breadcrumb\"},\"inLanguage\":\"en-GB\",\"potentialAction\":[{\"@type\":\"ReadAction\",\"target\":[\"https:\/\/ravnoseloff.com\/branding\/sesti-ravno-selo-film-festival-od-22-25-juna\/\"]}]},{\"@type\":\"BreadcrumbList\",\"@id\":\"https:\/\/ravnoseloff.com\/branding\/sesti-ravno-selo-film-festival-od-22-25-juna\/#breadcrumb\",\"itemListElement\":[{\"@type\":\"ListItem\",\"position\":1,\"name\":\"Po\u010detna\",\"item\":\"https:\/\/ravnoseloff.com\/\"},{\"@type\":\"ListItem\",\"position\":2,\"name\":\"\u0160ESTI RAVNO SELO FILM FESTIVAL OD 22-25. JUNA\"}]},{\"@type\":\"WebSite\",\"@id\":\"https:\/\/ravnoseloff.com\/en\/home\/#website\",\"url\":\"https:\/\/ravnoseloff.com\/en\/home\/\",\"name\":\"Ravno selo filmski festival\",\"description\":\"Filmski festival\",\"publisher\":{\"@id\":\"https:\/\/ravnoseloff.com\/en\/home\/#organization\"},\"potentialAction\":[{\"@type\":\"SearchAction\",\"target\":{\"@type\":\"EntryPoint\",\"urlTemplate\":\"https:\/\/ravnoseloff.com\/en\/home\/?s={search_term_string}\"},\"query-input\":{\"@type\":\"PropertyValueSpecification\",\"valueRequired\":true,\"valueName\":\"search_term_string\"}}],\"inLanguage\":\"en-GB\"},{\"@type\":\"Organization\",\"@id\":\"https:\/\/ravnoseloff.com\/en\/home\/#organization\",\"name\":\"Ravno selo filmski festival\",\"url\":\"https:\/\/ravnoseloff.com\/en\/home\/\",\"logo\":{\"@type\":\"ImageObject\",\"inLanguage\":\"en-GB\",\"@id\":\"https:\/\/ravnoseloff.com\/en\/home\/#\/schema\/logo\/image\/\",\"url\":\"https:\/\/ravnoseloff.com\/wp-content\/uploads\/2019\/10\/logo_sr.png\",\"contentUrl\":\"https:\/\/ravnoseloff.com\/wp-content\/uploads\/2019\/10\/logo_sr.png\",\"width\":92,\"height\":47,\"caption\":\"Ravno selo filmski festival\"},\"image\":{\"@id\":\"https:\/\/ravnoseloff.com\/en\/home\/#\/schema\/logo\/image\/\"}},{\"@type\":\"Person\",\"@id\":\"https:\/\/ravnoseloff.com\/en\/home\/#\/schema\/person\/fc6285f41174825ca12ce355e180d61c\",\"name\":\"adminrs\",\"image\":{\"@type\":\"ImageObject\",\"inLanguage\":\"en-GB\",\"@id\":\"https:\/\/ravnoseloff.com\/en\/home\/#\/schema\/person\/image\/\",\"url\":\"https:\/\/secure.gravatar.com\/avatar\/28be00ea5bfc1dc5f0bd9af7bdcb1630?s=96&d=mm&r=g\",\"contentUrl\":\"https:\/\/secure.gravatar.com\/avatar\/28be00ea5bfc1dc5f0bd9af7bdcb1630?s=96&d=mm&r=g\",\"caption\":\"adminrs\"},\"url\":\"https:\/\/ravnoseloff.com\/en\/author\/adminrs\/\"}]}<\/script>\n<!-- \/ Yoast SEO plugin. -->","yoast_head_json":{"title":"\u0160ESTI RAVNO SELO FILM FESTIVAL OD 22-25. JUNA - Ravno selo","robots":{"index":"index","follow":"follow","max-snippet":"max-snippet:-1","max-image-preview":"max-image-preview:large","max-video-preview":"max-video-preview:-1"},"canonical":"https:\/\/ravnoseloff.com\/en\/branding\/sesti-ravno-selo-film-festival-od-22-25-juna\/","og_locale":"en_GB","og_type":"article","og_title":"\u0160ESTI RAVNO SELO FILM FESTIVAL OD 22-25. JUNA - Ravno selo","og_description":"SELOM KRU\u017dE FILMSKE PRI\u010cE &nbsp; Beograd, 23.maj 2023. \u2013 Ravno selo, Me\u0111unarodni festival prvog ili drugog filma bi\u0107e odr\u017ean ove godine od 22. do 25. juna. Festival je orijentisan ka mladima i predstavlja me\u0111unarodni festival za reditelje prvog ili drugog filma. Tradicionalno, ve\u0107 \u0161estu godinu za redom, Ravno Selo Film Festival \u0107e imati glavni program, [&hellip;]","og_url":"https:\/\/ravnoseloff.com\/en\/branding\/sesti-ravno-selo-film-festival-od-22-25-juna\/","og_site_name":"Ravno selo","article_published_time":"2023-05-24T12:53:51+00:00","author":"adminrs","twitter_card":"summary_large_image","twitter_misc":{"Written by":"adminrs","Estimated reading time":"3 minutes"},"schema":{"@context":"https:\/\/schema.org","@graph":[{"@type":"Article","@id":"https:\/\/ravnoseloff.com\/branding\/sesti-ravno-selo-film-festival-od-22-25-juna\/#article","isPartOf":{"@id":"https:\/\/ravnoseloff.com\/branding\/sesti-ravno-selo-film-festival-od-22-25-juna\/"},"author":{"name":"adminrs","@id":"https:\/\/ravnoseloff.com\/en\/home\/#\/schema\/person\/fc6285f41174825ca12ce355e180d61c"},"headline":"\u0160ESTI RAVNO SELO FILM FESTIVAL OD 22-25. JUNA","datePublished":"2023-05-24T12:53:51+00:00","dateModified":"2023-05-24T12:53:51+00:00","mainEntityOfPage":{"@id":"https:\/\/ravnoseloff.com\/branding\/sesti-ravno-selo-film-festival-od-22-25-juna\/"},"wordCount":607,"commentCount":0,"publisher":{"@id":"https:\/\/ravnoseloff.com\/en\/home\/#organization"},"articleSection":["Branding"],"inLanguage":"en-GB","potentialAction":[{"@type":"CommentAction","name":"Comment","target":["https:\/\/ravnoseloff.com\/branding\/sesti-ravno-selo-film-festival-od-22-25-juna\/#respond"]}]},{"@type":"WebPage","@id":"https:\/\/ravnoseloff.com\/branding\/sesti-ravno-selo-film-festival-od-22-25-juna\/","url":"https:\/\/ravnoseloff.com\/branding\/sesti-ravno-selo-film-festival-od-22-25-juna\/","name":"\u0160ESTI RAVNO SELO FILM FESTIVAL OD 22-25. JUNA - Ravno selo","isPartOf":{"@id":"https:\/\/ravnoseloff.com\/en\/home\/#website"},"datePublished":"2023-05-24T12:53:51+00:00","dateModified":"2023-05-24T12:53:51+00:00","breadcrumb":{"@id":"https:\/\/ravnoseloff.com\/branding\/sesti-ravno-selo-film-festival-od-22-25-juna\/#breadcrumb"},"inLanguage":"en-GB","potentialAction":[{"@type":"ReadAction","target":["https:\/\/ravnoseloff.com\/branding\/sesti-ravno-selo-film-festival-od-22-25-juna\/"]}]},{"@type":"BreadcrumbList","@id":"https:\/\/ravnoseloff.com\/branding\/sesti-ravno-selo-film-festival-od-22-25-juna\/#breadcrumb","itemListElement":[{"@type":"ListItem","position":1,"name":"Po\u010detna","item":"https:\/\/ravnoseloff.com\/"},{"@type":"ListItem","position":2,"name":"\u0160ESTI RAVNO SELO FILM FESTIVAL OD 22-25. JUNA"}]},{"@type":"WebSite","@id":"https:\/\/ravnoseloff.com\/en\/home\/#website","url":"https:\/\/ravnoseloff.com\/en\/home\/","name":"Ravno selo filmski festival","description":"Filmski festival","publisher":{"@id":"https:\/\/ravnoseloff.com\/en\/home\/#organization"},"potentialAction":[{"@type":"SearchAction","target":{"@type":"EntryPoint","urlTemplate":"https:\/\/ravnoseloff.com\/en\/home\/?s={search_term_string}"},"query-input":{"@type":"PropertyValueSpecification","valueRequired":true,"valueName":"search_term_string"}}],"inLanguage":"en-GB"},{"@type":"Organization","@id":"https:\/\/ravnoseloff.com\/en\/home\/#organization","name":"Ravno selo filmski festival","url":"https:\/\/ravnoseloff.com\/en\/home\/","logo":{"@type":"ImageObject","inLanguage":"en-GB","@id":"https:\/\/ravnoseloff.com\/en\/home\/#\/schema\/logo\/image\/","url":"https:\/\/ravnoseloff.com\/wp-content\/uploads\/2019\/10\/logo_sr.png","contentUrl":"https:\/\/ravnoseloff.com\/wp-content\/uploads\/2019\/10\/logo_sr.png","width":92,"height":47,"caption":"Ravno selo filmski festival"},"image":{"@id":"https:\/\/ravnoseloff.com\/en\/home\/#\/schema\/logo\/image\/"}},{"@type":"Person","@id":"https:\/\/ravnoseloff.com\/en\/home\/#\/schema\/person\/fc6285f41174825ca12ce355e180d61c","name":"adminrs","image":{"@type":"ImageObject","inLanguage":"en-GB","@id":"https:\/\/ravnoseloff.com\/en\/home\/#\/schema\/person\/image\/","url":"https:\/\/secure.gravatar.com\/avatar\/28be00ea5bfc1dc5f0bd9af7bdcb1630?s=96&d=mm&r=g","contentUrl":"https:\/\/secure.gravatar.com\/avatar\/28be00ea5bfc1dc5f0bd9af7bdcb1630?s=96&d=mm&r=g","caption":"adminrs"},"url":"https:\/\/ravnoseloff.com\/en\/author\/adminrs\/"}]}},"_links":{"self":[{"href":"https:\/\/ravnoseloff.com\/en\/wp-json\/wp\/v2\/posts\/1977"}],"collection":[{"href":"https:\/\/ravnoseloff.com\/en\/wp-json\/wp\/v2\/posts"}],"about":[{"href":"https:\/\/ravnoseloff.com\/en\/wp-json\/wp\/v2\/types\/post"}],"author":[{"embeddable":true,"href":"https:\/\/ravnoseloff.com\/en\/wp-json\/wp\/v2\/users\/1"}],"replies":[{"embeddable":true,"href":"https:\/\/ravnoseloff.com\/en\/wp-json\/wp\/v2\/comments?post=1977"}],"version-history":[{"count":3,"href":"https:\/\/ravnoseloff.com\/en\/wp-json\/wp\/v2\/posts\/1977\/revisions"}],"predecessor-version":[{"id":1981,"href":"https:\/\/ravnoseloff.com\/en\/wp-json\/wp\/v2\/posts\/1977\/revisions\/1981"}],"wp:attachment":[{"href":"https:\/\/ravnoseloff.com\/en\/wp-json\/wp\/v2\/media?parent=1977"}],"wp:term":[{"taxonomy":"category","embeddable":true,"href":"https:\/\/ravnoseloff.com\/en\/wp-json\/wp\/v2\/categories?post=1977"},{"taxonomy":"post_tag","embeddable":true,"href":"https:\/\/ravnoseloff.com\/en\/wp-json\/wp\/v2\/tags?post=1977"}],"curies":[{"name":"wp","href":"https:\/\/api.w.org\/{rel}","templated":true}]}}