{"id":2823,"date":"2025-07-01T23:58:26","date_gmt":"2025-07-01T21:58:26","guid":{"rendered":"https:\/\/ravnoseloff.com\/?p=2823"},"modified":"2025-07-02T15:32:10","modified_gmt":"2025-07-02T13:32:10","slug":"dodelom-nagrada-osnivac-festivala-lazar-ristovski-je-zatvorio-8-ravno-selo-film-festival","status":"publish","type":"post","link":"https:\/\/ravnoseloff.com\/en\/vesti\/dodelom-nagrada-osnivac-festivala-lazar-ristovski-je-zatvorio-8-ravno-selo-film-festival\/","title":{"rendered":"AWARD CEREMONY MARKS THE CLOSING OF THE 8th RAVNO SELO FILM FESTIVAL, LED BY THE FESTIVAL FOUNDER LAZAR RISTOVSKI"},"content":{"rendered":"<p><span style=\"font-family: arial, helvetica, sans-serif;\">\u00a0\u00a0 \u00a0Under the traditional slogan \" Film Stories Circle Through the Village\", the 8th edition of the Ravno Selo Film Festival, an international festival for first and second films, officially closed on Sunday, June 29th in Ravno Selo. Over the course of four days, more than 24 films from 13 countries were screened in three competition programs, drawing an audience of over 7,000 viewers.<\/span><\/p>\n<p><span style=\"font-family: arial, helvetica, sans-serif;\">\u2003<span style=\"font-family: arial black, sans-serif;\"> <strong>Golden Corn for Best Director<\/strong><\/span> and a cash prize of \u20ac1,500 was awarded to <span style=\"font-family: arial black, sans-serif;\"><strong>Emir Kapetanovi\u0107<\/strong><\/span> for the film \"When Santa Was a Comunist\" (Bosnia and Herzegovina). In a special video message, Emir expressed that, among all the awards the film has received, this one is especially dear to him as it is the first he has received as a director\u2014and particularly meaningful because it comes from the Ravno Selo Film Festival.<\/span><\/p>\n<p><span style=\"font-family: arial, helvetica, sans-serif;\">\u2003 <span style=\"font-family: arial black, sans-serif;\"><strong>Golden Corn for Best Film<\/strong><\/span> and a cash prize of \u20ac1,000 went to the film \"Isolation\" (Serbia) directed by <span style=\"font-family: arial black, sans-serif;\"><strong>Marko Backovi\u0107<\/strong><\/span>. The jury stated:\n\"The blend of thematic insight and the ability to communicate a serious topic to a wide audience makes 'Isolation' not only the best film of the Ravno Selo Film Festival, but also the sharpest commentary on our time in which reality and spectacle continuously overlap.\"\nThe award was presented by Mr. Sa\u0161a Golubovi\u0107, Head of Fiction Content Procurement at Telekom Serbia.<\/span><\/p>\n<p><span style=\"font-family: arial, helvetica, sans-serif;\"><img fetchpriority=\"high\" decoding=\"async\" class=\"wp-image-9470 aligncenter\" src=\"https:\/\/zillionfilm.com\/wp-content\/uploads\/2025\/07\/image00005.jpeg\" alt=\"\" width=\"400\" height=\"600\" \/><\/span><\/p>\n<p>&nbsp;<\/p>\n<p><span style=\"font-family: arial, helvetica, sans-serif;\">\u2003 <span style=\"font-family: arial black, sans-serif;\"><strong>Audience Award for Best Film<\/strong><\/span> nd a cash prize of \u20ac500 was awarded to \"A Night with the Rolling Stones\" (Cuba) directed by <span style=\"font-family: arial black, sans-serif;\"><strong>Patricia Ramos<\/strong><\/span>. The jury explained:\n\"Set against the backdrop of Havana's first Rolling Stones concert, the film captures a woman's transformation while waiting for a life-changing event. Her relationships\u2014with her mother, her son, and herself\u2014reveal that life in Cuban society is surprisingly similar to our own. The rain-soaked streets, coastal walks, and small daily passions mask themes of coming-of-age, death, and loneliness, making this film an unexpected ambassador of a cinema opening its doors to the world with authentic steps.\"<\/span><\/p>\n<p><span style=\"font-family: arial, helvetica, sans-serif;\">\u2003 <span style=\"font-family: arial black, sans-serif;\"><strong>Golden Corn for Best Documentary Film<\/strong><\/span> and \u20ac500 was awarded to \"The Sun Doesn\u2019t Shine On All Sides\" (North Macedonia), directed by <span style=\"font-family: arial black, sans-serif;\"><strong>Gligor Kondovski<\/strong><\/span>. \"Through a nearly naturalistic authenticity, Kondovski portrays a horseback Elvis wandering through the fields of Gostivar, yearning for a grey but warm homeland, and a Macedonian lament sung in an Australian suburb. From the very first moment, this film brings us closer to the feeling of rootlessness and the search for intimacy in what we call 'foreign land'. A blend of Macedonian, Balkan, Australian and American elements wrapped in a rock-and-roll nostalgia results in a warm, engaging film that invites us to reflect on belonging and the desire for a life that may be harder but more meaningful.\"<\/span><\/p>\n<p><span style=\"font-family: arial, helvetica, sans-serif;\"><img decoding=\"async\" class=\"aligncenter wp-image-9471 lazyload\" data-src=\"https:\/\/zillionfilm.com\/wp-content\/uploads\/2025\/07\/image00007.jpeg\" alt=\"\" width=\"1200\" height=\"800\" src=\"data:image\/gif;base64,R0lGODlhAQABAAAAACH5BAEKAAEALAAAAAABAAEAAAICTAEAOw==\" style=\"--smush-placeholder-width: 1200px; --smush-placeholder-aspect-ratio: 1200\/800;\" \/><noscript><img decoding=\"async\" class=\"aligncenter wp-image-9471\" src=\"https:\/\/zillionfilm.com\/wp-content\/uploads\/2025\/07\/image00007.jpeg\" alt=\"\" width=\"1200\" height=\"800\" \/><\/noscript><\/span><\/p>\n<p>&nbsp;<\/p>\n<p><span style=\"font-family: arial, helvetica, sans-serif;\">Once again, <span style=\"font-family: arial black, sans-serif;\"><strong>GORKI LIST<\/strong><\/span> awarded the <span style=\"font-family: arial black, sans-serif;\"><strong>Best Young Actor\/Actress<\/strong><\/span> prize (\u20ac1,000), which went to <span style=\"font-family: arial black, sans-serif;\"><strong>Teodora Toma\u0161ev<\/strong><\/span> for her role as Mirjana in the film \"Obi\u010daji\" by Pe\u0111a Markovi\u0107.\n\"Teodora skillfully navigated the emotional spectrum of the character, handling the complex interplay of respect, intimacy, and emotional conflict between desires and fears. She undoubtedly deserves recognition for her dedicated and precise performance.\"<\/span><\/p>\n<p>&nbsp;<\/p>\n<p><span style=\"font-family: arial, helvetica, sans-serif;\"><img decoding=\"async\" class=\"aligncenter wp-image-9472 lazyload\" data-src=\"https:\/\/zillionfilm.com\/wp-content\/uploads\/2025\/07\/image00006.jpeg\" alt=\"\" width=\"1200\" height=\"800\" src=\"data:image\/gif;base64,R0lGODlhAQABAAAAACH5BAEKAAEALAAAAAABAAEAAAICTAEAOw==\" style=\"--smush-placeholder-width: 1200px; --smush-placeholder-aspect-ratio: 1200\/800;\" \/><noscript><img decoding=\"async\" class=\"aligncenter wp-image-9472\" src=\"https:\/\/zillionfilm.com\/wp-content\/uploads\/2025\/07\/image00006.jpeg\" alt=\"\" width=\"1200\" height=\"800\" \/><\/noscript><\/span><\/p>\n<p>&nbsp;<\/p>\n<p><span style=\"font-family: arial, helvetica, sans-serif;\">\u2003 <span style=\"font-family: arial black, sans-serif;\"><strong>The First Meter Award<\/strong> <span style=\"font-family: arial, helvetica, sans-serif;\">for Best Student Film<\/span><\/span> and \u20ac500 went to <span style=\"font-family: arial black, sans-serif;\"><strong>Kristijan Kostadinovski<\/strong><\/span> for his film \"Symphony\" (North Macedonia). The jury emphasized:\n\"Kristijan demonstrates outstanding directorial talent, far surpassing the boundaries of a student film, through his understanding of film language and mise-en-sc\u00e8ne. Even though the camera remains static throughout, the dynamic is built through powerful performances and atmospheric tension. Together with cinematographer Ana Pavlovska, he masterfully portrays Skopje not just as a setting, but as a dramatic character. Kostadinovski is undoubtedly a new directorial hope for North Macedonia and the region.\"<\/span><\/p>\n<p>&nbsp;<\/p>\n<p><span style=\"font-family: arial, helvetica, sans-serif;\"><img loading=\"lazy\" decoding=\"async\" class=\"aligncenter wp-image-9469 lazyload\" data-src=\"https:\/\/zillionfilm.com\/wp-content\/uploads\/2025\/07\/image00008.jpeg\" alt=\"\" width=\"1200\" height=\"800\" src=\"data:image\/gif;base64,R0lGODlhAQABAAAAACH5BAEKAAEALAAAAAABAAEAAAICTAEAOw==\" style=\"--smush-placeholder-width: 1200px; --smush-placeholder-aspect-ratio: 1200\/800;\" \/><noscript><img loading=\"lazy\" decoding=\"async\" class=\"aligncenter wp-image-9469\" src=\"https:\/\/zillionfilm.com\/wp-content\/uploads\/2025\/07\/image00008.jpeg\" alt=\"\" width=\"1200\" height=\"800\" \/><\/noscript><\/span><\/p>\n<p>&nbsp;<\/p>\n<p><span style=\"font-family: arial, helvetica, sans-serif;\">During the festival, three student films were shot under the mentorship of <span style=\"font-family: arial black, sans-serif;\"><strong>Milo\u0161 \u010coli\u0107<\/strong><\/span>. The main prize went to \"The Funniest Joke in the World\", created by the Smederevo team, praised for its \"remarkable sense of humor, imagination, and unique cinematic vision expressed through a genre-blending comedy with elements of horror, drawing inspiration from the local environment of Ravno Selo.\"<\/span><\/p>\n<p><span style=\"font-family: arial, helvetica, sans-serif;\">The jury was led by celebrated actress <span style=\"font-family: arial black, sans-serif;\"><strong>Nada Blam<\/strong><\/span> with members <span style=\"font-family: arial black, sans-serif;\"><strong>Aleksandar Proti\u0107<\/strong><\/span>, <span style=\"font-family: arial black, sans-serif;\"><strong>Miroslav Leki\u0107<\/strong><\/span> for the main program, <span style=\"font-family: arial black, sans-serif;\"><strong>Stefan Orlandi\u0107<\/strong><\/span> for student films and <span style=\"font-family: arial black, sans-serif;\"><strong>Andrej Klemen\u010di\u0107<\/strong><\/span> for documentaries.<\/span><\/p>\n<p><span style=\"font-family: arial, helvetica, sans-serif;\">\u2003 <span style=\"font-family: arial black, sans-serif;\"><strong>Lazar Ristovski<\/strong><\/span>, festival founder and director, at the closing ceremony said: <em><span style=\"font-family: arial black, sans-serif;\"><strong>\"First, I want to thank all of you who have been with us for eight years\u2014attending film screenings, participating in workshops, hosting actors and filmmakers from all over the world\u2014and making us feel at home in Ravno Selo. I am proud and happy that we\u2019ve had yet another successful festival, and I believe my mission is now complete. It's time to pass the torch to younger and more capable people who will continue to develop the Ravno Selo Film Festival and inspire the next generation.\"<\/strong><\/span><\/em><\/span><\/p>\n<p>&nbsp;<\/p>\n<p><span style=\"font-family: arial, helvetica, sans-serif;\"><img loading=\"lazy\" decoding=\"async\" class=\"aligncenter wp-image-9468 lazyload\" data-src=\"https:\/\/zillionfilm.com\/wp-content\/uploads\/2025\/07\/image00002.jpeg\" alt=\"\" width=\"1200\" height=\"800\" src=\"data:image\/gif;base64,R0lGODlhAQABAAAAACH5BAEKAAEALAAAAAABAAEAAAICTAEAOw==\" style=\"--smush-placeholder-width: 1200px; --smush-placeholder-aspect-ratio: 1200\/800;\" \/><noscript><img loading=\"lazy\" decoding=\"async\" class=\"aligncenter wp-image-9468\" src=\"https:\/\/zillionfilm.com\/wp-content\/uploads\/2025\/07\/image00002.jpeg\" alt=\"\" width=\"1200\" height=\"800\" \/><\/noscript><\/span><\/p>\n<p>&nbsp;<\/p>\n<p class=\"translation-block\"><span style=\"font-family: arial, helvetica, sans-serif\">\u2003 At the closing ceremony, alongside <span style=\"font-family: arial black, sans-serif\"><strong>Du\u0161ica Novakovi\u0107<\/strong><\/span>, who delivered stunning renditions of \"Golden Day\" and \"Crazy Little Thing Called Love\", the event also featured presentations of the student workshop films, and the main program concluded with a screening of the Cuban film \"A Night with the Rolling Stones\".<\/span><\/p>\n<p><span style=\"font-family: arial, helvetica, sans-serif;\">The festival was held with the support of the Provincial Secretariat for Culture, the Ministry of Culture of the Republic of Serbia, the City of Vrbas, Zillion Film production company, Film Center Serbia, Gorki List, and Voda Voda. <\/span><\/p>\n<p>&nbsp;<\/p>\n<p><iframe width=\"800\" height=\"500\" data-src=\"https:\/\/www.youtube.com\/embed\/DDpu022fvhg\" frameborder=\"0\" allowfullscreen src=\"data:image\/gif;base64,R0lGODlhAQABAAAAACH5BAEKAAEALAAAAAABAAEAAAICTAEAOw==\" class=\"lazyload\" data-load-mode=\"1\"><\/iframe><\/p>\n<p>&nbsp;<\/p>\n<p><span style=\"font-family: arial, helvetica, sans-serif;\"><span style=\"font-family: arial black, sans-serif;\"><strong>The main sponsor<\/strong><\/span> of the festival was <span style=\"font-family: arial black, sans-serif;\"><strong>Telekom Srbija<\/strong><\/span>.<\/span><\/p>","protected":false},"excerpt":{"rendered":"<p>\u00a0\u00a0 \u00a0Pod tradicionalnim sloganom \u201eSelom kru\u017ee filmske pri\u010de\u201d u nedelju, 29. juna u Ravnom Selu zavr\u0161en je 8. Ravno Selo Film Festival, me\u0111unarodni festival prvog ili drugog filma. Tokom \u010detiri dana festivala prikazano je vi\u0161e od 24 filmova u tri takmi\u010darska programa iz 13 zemalja, koje je pogledalo 7000 gledalaca. \u2003 Zlatni klip za najboljeg [&hellip;]<\/p>","protected":false},"author":1,"featured_media":2827,"comment_status":"open","ping_status":"open","sticky":false,"template":"","format":"standard","meta":{"_acf_changed":false,"footnotes":""},"categories":[74],"tags":[],"class_list":["post-2823","post","type-post","status-publish","format-standard","has-post-thumbnail","hentry","category-vesti"],"acf":[],"yoast_head":"<!-- This site is optimized with the Yoast SEO plugin v23.6 - https:\/\/yoast.com\/wordpress\/plugins\/seo\/ -->\n<title>DODELOM NAGRADA OSNIVA\u010c FESTIVALA LAZAR RISTOVSKI JE ZATVORIO 8. RAVNO SELO FILM FESTIVAL - Ravno selo<\/title>\n<meta name=\"robots\" content=\"index, follow, max-snippet:-1, max-image-preview:large, max-video-preview:-1\" \/>\n<link rel=\"canonical\" href=\"https:\/\/ravnoseloff.com\/en\/vesti\/dodelom-nagrada-osnivac-festivala-lazar-ristovski-je-zatvorio-8-ravno-selo-film-festival\/\" \/>\n<meta property=\"og:locale\" content=\"en_GB\" \/>\n<meta property=\"og:type\" content=\"article\" \/>\n<meta property=\"og:title\" content=\"DODELOM NAGRADA OSNIVA\u010c FESTIVALA LAZAR RISTOVSKI JE ZATVORIO 8. RAVNO SELO FILM FESTIVAL - Ravno selo\" \/>\n<meta property=\"og:description\" content=\"\u00a0\u00a0 \u00a0Pod tradicionalnim sloganom \u201eSelom kru\u017ee filmske pri\u010de\u201d u nedelju, 29. juna u Ravnom Selu zavr\u0161en je 8. Ravno Selo Film Festival, me\u0111unarodni festival prvog ili drugog filma. Tokom \u010detiri dana festivala prikazano je vi\u0161e od 24 filmova u tri takmi\u010darska programa iz 13 zemalja, koje je pogledalo 7000 gledalaca. \u2003 Zlatni klip za najboljeg [&hellip;]\" \/>\n<meta property=\"og:url\" content=\"https:\/\/ravnoseloff.com\/en\/vesti\/dodelom-nagrada-osnivac-festivala-lazar-ristovski-je-zatvorio-8-ravno-selo-film-festival\/\" \/>\n<meta property=\"og:site_name\" content=\"Ravno selo\" \/>\n<meta property=\"article:published_time\" content=\"2025-07-01T21:58:26+00:00\" \/>\n<meta property=\"article:modified_time\" content=\"2025-07-02T13:32:10+00:00\" \/>\n<meta property=\"og:image\" content=\"https:\/\/ravnoseloff.com\/wp-content\/uploads\/2025\/07\/Naslovna.jpeg\" \/>\n\t<meta property=\"og:image:width\" content=\"1500\" \/>\n\t<meta property=\"og:image:height\" content=\"1000\" \/>\n\t<meta property=\"og:image:type\" content=\"image\/jpeg\" \/>\n<meta name=\"author\" content=\"adminrs\" \/>\n<meta name=\"twitter:card\" content=\"summary_large_image\" \/>\n<meta name=\"twitter:label1\" content=\"Written by\" \/>\n\t<meta name=\"twitter:data1\" content=\"adminrs\" \/>\n\t<meta name=\"twitter:label2\" content=\"Estimated reading time\" \/>\n\t<meta name=\"twitter:data2\" content=\"6 minutes\" \/>\n<script type=\"application\/ld+json\" class=\"yoast-schema-graph\">{\"@context\":\"https:\/\/schema.org\",\"@graph\":[{\"@type\":\"Article\",\"@id\":\"https:\/\/ravnoseloff.com\/vesti\/dodelom-nagrada-osnivac-festivala-lazar-ristovski-je-zatvorio-8-ravno-selo-film-festival\/#article\",\"isPartOf\":{\"@id\":\"https:\/\/ravnoseloff.com\/vesti\/dodelom-nagrada-osnivac-festivala-lazar-ristovski-je-zatvorio-8-ravno-selo-film-festival\/\"},\"author\":{\"name\":\"adminrs\",\"@id\":\"https:\/\/ravnoseloff.com\/en\/home\/#\/schema\/person\/fc6285f41174825ca12ce355e180d61c\"},\"headline\":\"DODELOM NAGRADA OSNIVA\u010c FESTIVALA LAZAR RISTOVSKI JE ZATVORIO 8. RAVNO SELO FILM FESTIVAL\",\"datePublished\":\"2025-07-01T21:58:26+00:00\",\"dateModified\":\"2025-07-02T13:32:10+00:00\",\"mainEntityOfPage\":{\"@id\":\"https:\/\/ravnoseloff.com\/vesti\/dodelom-nagrada-osnivac-festivala-lazar-ristovski-je-zatvorio-8-ravno-selo-film-festival\/\"},\"wordCount\":1050,\"commentCount\":0,\"publisher\":{\"@id\":\"https:\/\/ravnoseloff.com\/en\/home\/#organization\"},\"image\":{\"@id\":\"https:\/\/ravnoseloff.com\/vesti\/dodelom-nagrada-osnivac-festivala-lazar-ristovski-je-zatvorio-8-ravno-selo-film-festival\/#primaryimage\"},\"thumbnailUrl\":\"https:\/\/ravnoseloff.com\/wp-content\/uploads\/2025\/07\/Naslovna.jpeg\",\"articleSection\":[\"Vesti\"],\"inLanguage\":\"en-GB\",\"potentialAction\":[{\"@type\":\"CommentAction\",\"name\":\"Comment\",\"target\":[\"https:\/\/ravnoseloff.com\/vesti\/dodelom-nagrada-osnivac-festivala-lazar-ristovski-je-zatvorio-8-ravno-selo-film-festival\/#respond\"]}]},{\"@type\":\"WebPage\",\"@id\":\"https:\/\/ravnoseloff.com\/vesti\/dodelom-nagrada-osnivac-festivala-lazar-ristovski-je-zatvorio-8-ravno-selo-film-festival\/\",\"url\":\"https:\/\/ravnoseloff.com\/vesti\/dodelom-nagrada-osnivac-festivala-lazar-ristovski-je-zatvorio-8-ravno-selo-film-festival\/\",\"name\":\"DODELOM NAGRADA OSNIVA\u010c FESTIVALA LAZAR RISTOVSKI JE ZATVORIO 8. RAVNO SELO FILM FESTIVAL - Ravno selo\",\"isPartOf\":{\"@id\":\"https:\/\/ravnoseloff.com\/en\/home\/#website\"},\"primaryImageOfPage\":{\"@id\":\"https:\/\/ravnoseloff.com\/vesti\/dodelom-nagrada-osnivac-festivala-lazar-ristovski-je-zatvorio-8-ravno-selo-film-festival\/#primaryimage\"},\"image\":{\"@id\":\"https:\/\/ravnoseloff.com\/vesti\/dodelom-nagrada-osnivac-festivala-lazar-ristovski-je-zatvorio-8-ravno-selo-film-festival\/#primaryimage\"},\"thumbnailUrl\":\"https:\/\/ravnoseloff.com\/wp-content\/uploads\/2025\/07\/Naslovna.jpeg\",\"datePublished\":\"2025-07-01T21:58:26+00:00\",\"dateModified\":\"2025-07-02T13:32:10+00:00\",\"breadcrumb\":{\"@id\":\"https:\/\/ravnoseloff.com\/vesti\/dodelom-nagrada-osnivac-festivala-lazar-ristovski-je-zatvorio-8-ravno-selo-film-festival\/#breadcrumb\"},\"inLanguage\":\"en-GB\",\"potentialAction\":[{\"@type\":\"ReadAction\",\"target\":[\"https:\/\/ravnoseloff.com\/vesti\/dodelom-nagrada-osnivac-festivala-lazar-ristovski-je-zatvorio-8-ravno-selo-film-festival\/\"]}]},{\"@type\":\"ImageObject\",\"inLanguage\":\"en-GB\",\"@id\":\"https:\/\/ravnoseloff.com\/vesti\/dodelom-nagrada-osnivac-festivala-lazar-ristovski-je-zatvorio-8-ravno-selo-film-festival\/#primaryimage\",\"url\":\"https:\/\/ravnoseloff.com\/wp-content\/uploads\/2025\/07\/Naslovna.jpeg\",\"contentUrl\":\"https:\/\/ravnoseloff.com\/wp-content\/uploads\/2025\/07\/Naslovna.jpeg\",\"width\":1500,\"height\":1000,\"caption\":\"sbosnic@gmail.com\"},{\"@type\":\"BreadcrumbList\",\"@id\":\"https:\/\/ravnoseloff.com\/vesti\/dodelom-nagrada-osnivac-festivala-lazar-ristovski-je-zatvorio-8-ravno-selo-film-festival\/#breadcrumb\",\"itemListElement\":[{\"@type\":\"ListItem\",\"position\":1,\"name\":\"Po\u010detna\",\"item\":\"https:\/\/ravnoseloff.com\/\"},{\"@type\":\"ListItem\",\"position\":2,\"name\":\"DODELOM NAGRADA OSNIVA\u010c FESTIVALA LAZAR RISTOVSKI JE ZATVORIO 8. RAVNO SELO FILM FESTIVAL\"}]},{\"@type\":\"WebSite\",\"@id\":\"https:\/\/ravnoseloff.com\/en\/home\/#website\",\"url\":\"https:\/\/ravnoseloff.com\/en\/home\/\",\"name\":\"Ravno selo filmski festival\",\"description\":\"Filmski festival\",\"publisher\":{\"@id\":\"https:\/\/ravnoseloff.com\/en\/home\/#organization\"},\"potentialAction\":[{\"@type\":\"SearchAction\",\"target\":{\"@type\":\"EntryPoint\",\"urlTemplate\":\"https:\/\/ravnoseloff.com\/en\/home\/?s={search_term_string}\"},\"query-input\":{\"@type\":\"PropertyValueSpecification\",\"valueRequired\":true,\"valueName\":\"search_term_string\"}}],\"inLanguage\":\"en-GB\"},{\"@type\":\"Organization\",\"@id\":\"https:\/\/ravnoseloff.com\/en\/home\/#organization\",\"name\":\"Ravno selo filmski festival\",\"url\":\"https:\/\/ravnoseloff.com\/en\/home\/\",\"logo\":{\"@type\":\"ImageObject\",\"inLanguage\":\"en-GB\",\"@id\":\"https:\/\/ravnoseloff.com\/en\/home\/#\/schema\/logo\/image\/\",\"url\":\"https:\/\/ravnoseloff.com\/wp-content\/uploads\/2019\/10\/logo_sr.png\",\"contentUrl\":\"https:\/\/ravnoseloff.com\/wp-content\/uploads\/2019\/10\/logo_sr.png\",\"width\":92,\"height\":47,\"caption\":\"Ravno selo filmski festival\"},\"image\":{\"@id\":\"https:\/\/ravnoseloff.com\/en\/home\/#\/schema\/logo\/image\/\"}},{\"@type\":\"Person\",\"@id\":\"https:\/\/ravnoseloff.com\/en\/home\/#\/schema\/person\/fc6285f41174825ca12ce355e180d61c\",\"name\":\"adminrs\",\"image\":{\"@type\":\"ImageObject\",\"inLanguage\":\"en-GB\",\"@id\":\"https:\/\/ravnoseloff.com\/en\/home\/#\/schema\/person\/image\/\",\"url\":\"https:\/\/secure.gravatar.com\/avatar\/28be00ea5bfc1dc5f0bd9af7bdcb1630?s=96&d=mm&r=g\",\"contentUrl\":\"https:\/\/secure.gravatar.com\/avatar\/28be00ea5bfc1dc5f0bd9af7bdcb1630?s=96&d=mm&r=g\",\"caption\":\"adminrs\"},\"url\":\"https:\/\/ravnoseloff.com\/en\/author\/adminrs\/\"}]}<\/script>\n<!-- \/ Yoast SEO plugin. -->","yoast_head_json":{"title":"DODELOM NAGRADA OSNIVA\u010c FESTIVALA LAZAR RISTOVSKI JE ZATVORIO 8. RAVNO SELO FILM FESTIVAL - Ravno selo","robots":{"index":"index","follow":"follow","max-snippet":"max-snippet:-1","max-image-preview":"max-image-preview:large","max-video-preview":"max-video-preview:-1"},"canonical":"https:\/\/ravnoseloff.com\/en\/vesti\/dodelom-nagrada-osnivac-festivala-lazar-ristovski-je-zatvorio-8-ravno-selo-film-festival\/","og_locale":"en_GB","og_type":"article","og_title":"DODELOM NAGRADA OSNIVA\u010c FESTIVALA LAZAR RISTOVSKI JE ZATVORIO 8. RAVNO SELO FILM FESTIVAL - Ravno selo","og_description":"\u00a0\u00a0 \u00a0Pod tradicionalnim sloganom \u201eSelom kru\u017ee filmske pri\u010de\u201d u nedelju, 29. juna u Ravnom Selu zavr\u0161en je 8. Ravno Selo Film Festival, me\u0111unarodni festival prvog ili drugog filma. Tokom \u010detiri dana festivala prikazano je vi\u0161e od 24 filmova u tri takmi\u010darska programa iz 13 zemalja, koje je pogledalo 7000 gledalaca. \u2003 Zlatni klip za najboljeg [&hellip;]","og_url":"https:\/\/ravnoseloff.com\/en\/vesti\/dodelom-nagrada-osnivac-festivala-lazar-ristovski-je-zatvorio-8-ravno-selo-film-festival\/","og_site_name":"Ravno selo","article_published_time":"2025-07-01T21:58:26+00:00","article_modified_time":"2025-07-02T13:32:10+00:00","og_image":[{"width":1500,"height":1000,"url":"https:\/\/ravnoseloff.com\/wp-content\/uploads\/2025\/07\/Naslovna.jpeg","type":"image\/jpeg"}],"author":"adminrs","twitter_card":"summary_large_image","twitter_misc":{"Written by":"adminrs","Estimated reading time":"6 minutes"},"schema":{"@context":"https:\/\/schema.org","@graph":[{"@type":"Article","@id":"https:\/\/ravnoseloff.com\/vesti\/dodelom-nagrada-osnivac-festivala-lazar-ristovski-je-zatvorio-8-ravno-selo-film-festival\/#article","isPartOf":{"@id":"https:\/\/ravnoseloff.com\/vesti\/dodelom-nagrada-osnivac-festivala-lazar-ristovski-je-zatvorio-8-ravno-selo-film-festival\/"},"author":{"name":"adminrs","@id":"https:\/\/ravnoseloff.com\/en\/home\/#\/schema\/person\/fc6285f41174825ca12ce355e180d61c"},"headline":"DODELOM NAGRADA OSNIVA\u010c FESTIVALA LAZAR RISTOVSKI JE ZATVORIO 8. RAVNO SELO FILM FESTIVAL","datePublished":"2025-07-01T21:58:26+00:00","dateModified":"2025-07-02T13:32:10+00:00","mainEntityOfPage":{"@id":"https:\/\/ravnoseloff.com\/vesti\/dodelom-nagrada-osnivac-festivala-lazar-ristovski-je-zatvorio-8-ravno-selo-film-festival\/"},"wordCount":1050,"commentCount":0,"publisher":{"@id":"https:\/\/ravnoseloff.com\/en\/home\/#organization"},"image":{"@id":"https:\/\/ravnoseloff.com\/vesti\/dodelom-nagrada-osnivac-festivala-lazar-ristovski-je-zatvorio-8-ravno-selo-film-festival\/#primaryimage"},"thumbnailUrl":"https:\/\/ravnoseloff.com\/wp-content\/uploads\/2025\/07\/Naslovna.jpeg","articleSection":["Vesti"],"inLanguage":"en-GB","potentialAction":[{"@type":"CommentAction","name":"Comment","target":["https:\/\/ravnoseloff.com\/vesti\/dodelom-nagrada-osnivac-festivala-lazar-ristovski-je-zatvorio-8-ravno-selo-film-festival\/#respond"]}]},{"@type":"WebPage","@id":"https:\/\/ravnoseloff.com\/vesti\/dodelom-nagrada-osnivac-festivala-lazar-ristovski-je-zatvorio-8-ravno-selo-film-festival\/","url":"https:\/\/ravnoseloff.com\/vesti\/dodelom-nagrada-osnivac-festivala-lazar-ristovski-je-zatvorio-8-ravno-selo-film-festival\/","name":"DODELOM NAGRADA OSNIVA\u010c FESTIVALA LAZAR RISTOVSKI JE ZATVORIO 8. RAVNO SELO FILM FESTIVAL - Ravno selo","isPartOf":{"@id":"https:\/\/ravnoseloff.com\/en\/home\/#website"},"primaryImageOfPage":{"@id":"https:\/\/ravnoseloff.com\/vesti\/dodelom-nagrada-osnivac-festivala-lazar-ristovski-je-zatvorio-8-ravno-selo-film-festival\/#primaryimage"},"image":{"@id":"https:\/\/ravnoseloff.com\/vesti\/dodelom-nagrada-osnivac-festivala-lazar-ristovski-je-zatvorio-8-ravno-selo-film-festival\/#primaryimage"},"thumbnailUrl":"https:\/\/ravnoseloff.com\/wp-content\/uploads\/2025\/07\/Naslovna.jpeg","datePublished":"2025-07-01T21:58:26+00:00","dateModified":"2025-07-02T13:32:10+00:00","breadcrumb":{"@id":"https:\/\/ravnoseloff.com\/vesti\/dodelom-nagrada-osnivac-festivala-lazar-ristovski-je-zatvorio-8-ravno-selo-film-festival\/#breadcrumb"},"inLanguage":"en-GB","potentialAction":[{"@type":"ReadAction","target":["https:\/\/ravnoseloff.com\/vesti\/dodelom-nagrada-osnivac-festivala-lazar-ristovski-je-zatvorio-8-ravno-selo-film-festival\/"]}]},{"@type":"ImageObject","inLanguage":"en-GB","@id":"https:\/\/ravnoseloff.com\/vesti\/dodelom-nagrada-osnivac-festivala-lazar-ristovski-je-zatvorio-8-ravno-selo-film-festival\/#primaryimage","url":"https:\/\/ravnoseloff.com\/wp-content\/uploads\/2025\/07\/Naslovna.jpeg","contentUrl":"https:\/\/ravnoseloff.com\/wp-content\/uploads\/2025\/07\/Naslovna.jpeg","width":1500,"height":1000,"caption":"sbosnic@gmail.com"},{"@type":"BreadcrumbList","@id":"https:\/\/ravnoseloff.com\/vesti\/dodelom-nagrada-osnivac-festivala-lazar-ristovski-je-zatvorio-8-ravno-selo-film-festival\/#breadcrumb","itemListElement":[{"@type":"ListItem","position":1,"name":"Po\u010detna","item":"https:\/\/ravnoseloff.com\/"},{"@type":"ListItem","position":2,"name":"DODELOM NAGRADA OSNIVA\u010c FESTIVALA LAZAR RISTOVSKI JE ZATVORIO 8. RAVNO SELO FILM FESTIVAL"}]},{"@type":"WebSite","@id":"https:\/\/ravnoseloff.com\/en\/home\/#website","url":"https:\/\/ravnoseloff.com\/en\/home\/","name":"Ravno selo filmski festival","description":"Filmski festival","publisher":{"@id":"https:\/\/ravnoseloff.com\/en\/home\/#organization"},"potentialAction":[{"@type":"SearchAction","target":{"@type":"EntryPoint","urlTemplate":"https:\/\/ravnoseloff.com\/en\/home\/?s={search_term_string}"},"query-input":{"@type":"PropertyValueSpecification","valueRequired":true,"valueName":"search_term_string"}}],"inLanguage":"en-GB"},{"@type":"Organization","@id":"https:\/\/ravnoseloff.com\/en\/home\/#organization","name":"Ravno selo filmski festival","url":"https:\/\/ravnoseloff.com\/en\/home\/","logo":{"@type":"ImageObject","inLanguage":"en-GB","@id":"https:\/\/ravnoseloff.com\/en\/home\/#\/schema\/logo\/image\/","url":"https:\/\/ravnoseloff.com\/wp-content\/uploads\/2019\/10\/logo_sr.png","contentUrl":"https:\/\/ravnoseloff.com\/wp-content\/uploads\/2019\/10\/logo_sr.png","width":92,"height":47,"caption":"Ravno selo filmski festival"},"image":{"@id":"https:\/\/ravnoseloff.com\/en\/home\/#\/schema\/logo\/image\/"}},{"@type":"Person","@id":"https:\/\/ravnoseloff.com\/en\/home\/#\/schema\/person\/fc6285f41174825ca12ce355e180d61c","name":"adminrs","image":{"@type":"ImageObject","inLanguage":"en-GB","@id":"https:\/\/ravnoseloff.com\/en\/home\/#\/schema\/person\/image\/","url":"https:\/\/secure.gravatar.com\/avatar\/28be00ea5bfc1dc5f0bd9af7bdcb1630?s=96&d=mm&r=g","contentUrl":"https:\/\/secure.gravatar.com\/avatar\/28be00ea5bfc1dc5f0bd9af7bdcb1630?s=96&d=mm&r=g","caption":"adminrs"},"url":"https:\/\/ravnoseloff.com\/en\/author\/adminrs\/"}]}},"_links":{"self":[{"href":"https:\/\/ravnoseloff.com\/en\/wp-json\/wp\/v2\/posts\/2823"}],"collection":[{"href":"https:\/\/ravnoseloff.com\/en\/wp-json\/wp\/v2\/posts"}],"about":[{"href":"https:\/\/ravnoseloff.com\/en\/wp-json\/wp\/v2\/types\/post"}],"author":[{"embeddable":true,"href":"https:\/\/ravnoseloff.com\/en\/wp-json\/wp\/v2\/users\/1"}],"replies":[{"embeddable":true,"href":"https:\/\/ravnoseloff.com\/en\/wp-json\/wp\/v2\/comments?post=2823"}],"version-history":[{"count":7,"href":"https:\/\/ravnoseloff.com\/en\/wp-json\/wp\/v2\/posts\/2823\/revisions"}],"predecessor-version":[{"id":2832,"href":"https:\/\/ravnoseloff.com\/en\/wp-json\/wp\/v2\/posts\/2823\/revisions\/2832"}],"wp:featuredmedia":[{"embeddable":true,"href":"https:\/\/ravnoseloff.com\/en\/wp-json\/wp\/v2\/media\/2827"}],"wp:attachment":[{"href":"https:\/\/ravnoseloff.com\/en\/wp-json\/wp\/v2\/media?parent=2823"}],"wp:term":[{"taxonomy":"category","embeddable":true,"href":"https:\/\/ravnoseloff.com\/en\/wp-json\/wp\/v2\/categories?post=2823"},{"taxonomy":"post_tag","embeddable":true,"href":"https:\/\/ravnoseloff.com\/en\/wp-json\/wp\/v2\/tags?post=2823"}],"curies":[{"name":"wp","href":"https:\/\/api.w.org\/{rel}","templated":true}]}}